{"id":487,"date":"2023-12-22T19:44:48","date_gmt":"2023-12-22T19:44:48","guid":{"rendered":"https:\/\/enqueretaronoticias.com\/?p=487"},"modified":"2023-12-22T19:44:49","modified_gmt":"2023-12-22T19:44:49","slug":"capacitan-a-personal-de-la-jurisdiccion-no-1-en-materia-de-proteccion-civil","status":"publish","type":"post","link":"https:\/\/enqueretaronoticias.com\/index.php\/2023\/12\/22\/capacitan-a-personal-de-la-jurisdiccion-no-1-en-materia-de-proteccion-civil\/","title":{"rendered":"Capacitan a personal de la Jurisdicci\u00f3n No. 1 en materia de Protecci\u00f3n Civil"},"content":{"rendered":"\n<p>La Secretar\u00eda de Salud (SESA) del estado de Quer\u00e9taro fortalece la cultura de Seguridad y la Prevenci\u00f3n en materia de Protecci\u00f3n Civil en las y los trabajadores,&nbsp;motivo por el que&nbsp;organiz\u00f3&nbsp;curso taller de &#8220;Prevenci\u00f3n y Combate de Incendios&#8221;,&nbsp;con duraci\u00f3n de dos d\u00edas&nbsp;dirigidos al personal m\u00e9dico, param\u00e9dico y administrativo que laboran en las diferentes \u00e1reas de la Jurisdicci\u00f3n&nbsp;Sanitaria n\u00famero 1.<\/p>\n\n\n\n<figure class=\"wp-block-image size-large\"><img loading=\"lazy\" decoding=\"async\" width=\"1024\" height=\"768\" src=\"https:\/\/enqueretaronoticias.com\/wp-content\/uploads\/2023\/12\/71_273_43211_2125879587_2_2112_SESA_JURISDICCION_1-1024x768.jpg\" alt=\"\" class=\"wp-image-488\" srcset=\"https:\/\/enqueretaronoticias.com\/wp-content\/uploads\/2023\/12\/71_273_43211_2125879587_2_2112_SESA_JURISDICCION_1-1024x768.jpg 1024w, https:\/\/enqueretaronoticias.com\/wp-content\/uploads\/2023\/12\/71_273_43211_2125879587_2_2112_SESA_JURISDICCION_1-300x225.jpg 300w, https:\/\/enqueretaronoticias.com\/wp-content\/uploads\/2023\/12\/71_273_43211_2125879587_2_2112_SESA_JURISDICCION_1-768x576.jpg 768w, https:\/\/enqueretaronoticias.com\/wp-content\/uploads\/2023\/12\/71_273_43211_2125879587_2_2112_SESA_JURISDICCION_1.jpg 1280w\" sizes=\"auto, (max-width: 1024px) 100vw, 1024px\" \/><\/figure>\n\n\n\n<p>Se cont\u00f3 con una participaci\u00f3n de&nbsp;52&nbsp;asistentes, quienes recibieron capacitaci\u00f3n de&nbsp;profesionales del&nbsp;Centro de Capacitaci\u00f3n de Protecci\u00f3n Civil del Estado de Quer\u00e9taro, con&nbsp;quienes&nbsp;analizaron los siguientes temas: Qu\u00edmica del Fuego;&nbsp;M\u00e9todos de propagaci\u00f3n y extinci\u00f3n del fuego,&nbsp;tipos de fuegos, medidas de seguridad en el manejo del Gas LP; tipos y t\u00e9cnicas de uso de extintores. La coordinaci\u00f3n estuvo a cargo de Erandeni&nbsp;Rodr\u00edguez&nbsp;Velasco, Diana Zavala Reynoso y Adriana Rico Ledezma.<\/p>\n\n\n\n<figure class=\"wp-block-image size-large\"><img loading=\"lazy\" decoding=\"async\" width=\"768\" height=\"1024\" src=\"https:\/\/enqueretaronoticias.com\/wp-content\/uploads\/2023\/12\/71_273_43211_2125879587_5_2112_SESA_JURISDICCION_1-768x1024.jpg\" alt=\"\" class=\"wp-image-489\" srcset=\"https:\/\/enqueretaronoticias.com\/wp-content\/uploads\/2023\/12\/71_273_43211_2125879587_5_2112_SESA_JURISDICCION_1-768x1024.jpg 768w, https:\/\/enqueretaronoticias.com\/wp-content\/uploads\/2023\/12\/71_273_43211_2125879587_5_2112_SESA_JURISDICCION_1-225x300.jpg 225w, https:\/\/enqueretaronoticias.com\/wp-content\/uploads\/2023\/12\/71_273_43211_2125879587_5_2112_SESA_JURISDICCION_1.jpg 960w\" sizes=\"auto, (max-width: 768px) 100vw, 768px\" \/><\/figure>\n","protected":false},"excerpt":{"rendered":"<p>La Secretar\u00eda de Salud (SESA) del estado de Quer\u00e9taro fortalece la cultura de Seguridad y la Prevenci\u00f3n en materia de Protecci\u00f3n Civil en las y los trabajadores,&nbsp;motivo por el que&nbsp;organiz\u00f3&nbsp;curso taller de &#8220;Prevenci\u00f3n y Combate de Incendios&#8221;,&nbsp;con duraci\u00f3n de dos d\u00edas&nbsp;dirigidos al personal m\u00e9dico, param\u00e9dico y administrativo que laboran en las diferentes \u00e1reas de la &hellip;<\/p>\n<p class=\"read-more\"> <a class=\"\" href=\"https:\/\/enqueretaronoticias.com\/index.php\/2023\/12\/22\/capacitan-a-personal-de-la-jurisdiccion-no-1-en-materia-de-proteccion-civil\/\"> <span class=\"screen-reader-text\">Capacitan a personal de la Jurisdicci\u00f3n No. 1 en materia de Protecci\u00f3n Civil<\/span> Leer m\u00e1s &raquo;<\/a><\/p>\n","protected":false},"author":1,"featured_media":490,"comment_status":"open","ping_status":"open","sticky":false,"template":"","format":"standard","meta":{"site-sidebar-layout":"default","site-content-layout":"default","ast-global-header-display":"","ast-main-header-display":"","ast-hfb-above-header-display":"","ast-hfb-below-header-display":"","ast-hfb-mobile-header-display":"","site-post-title":"","ast-breadcrumbs-content":"","ast-featured-img":"","footer-sml-layout":"","theme-transparent-header-meta":"","adv-header-id-meta":"","stick-header-meta":"","header-above-stick-meta":"","header-main-stick-meta":"","header-below-stick-meta":"","footnotes":""},"categories":[16],"tags":[],"class_list":["post-487","post","type-post","status-publish","format-standard","has-post-thumbnail","hentry","category-educacion"],"yoast_head":"<!-- This site is optimized with the Yoast SEO plugin v20.3 - https:\/\/yoast.com\/wordpress\/plugins\/seo\/ -->\n<title>Capacitan a personal de la Jurisdicci\u00f3n No. 1 en materia de Protecci\u00f3n Civil - En Queretaro Noticias<\/title>\n<meta name=\"robots\" content=\"index, follow, max-snippet:-1, max-image-preview:large, max-video-preview:-1\" \/>\n<link rel=\"canonical\" href=\"https:\/\/enqueretaronoticias.com\/index.php\/2023\/12\/22\/capacitan-a-personal-de-la-jurisdiccion-no-1-en-materia-de-proteccion-civil\/\" \/>\n<meta property=\"og:locale\" content=\"es_MX\" \/>\n<meta property=\"og:type\" content=\"article\" \/>\n<meta property=\"og:title\" content=\"Capacitan a personal de la Jurisdicci\u00f3n No. 1 en materia de Protecci\u00f3n Civil\" \/>\n<meta property=\"og:description\" content=\"La Secretar\u00eda de Salud (SESA) del estado de Quer\u00e9taro fortalece la cultura de Seguridad y la Prevenci\u00f3n en materia de Protecci\u00f3n Civil en las y los trabajadores,&nbsp;motivo por el que&nbsp;organiz\u00f3&nbsp;curso taller de &#8220;Prevenci\u00f3n y Combate de Incendios&#8221;,&nbsp;con duraci\u00f3n de dos d\u00edas&nbsp;dirigidos al personal m\u00e9dico, param\u00e9dico y administrativo que laboran en las diferentes \u00e1reas de la &hellip; Capacitan a personal de la Jurisdicci\u00f3n No. 1 en materia de Protecci\u00f3n Civil Leer m\u00e1s &raquo;\" \/>\n<meta property=\"og:url\" content=\"https:\/\/enqueretaronoticias.com\/index.php\/2023\/12\/22\/capacitan-a-personal-de-la-jurisdiccion-no-1-en-materia-de-proteccion-civil\/\" \/>\n<meta property=\"og:site_name\" content=\"En Queretaro Noticias\" \/>\n<meta property=\"article:published_time\" content=\"2023-12-22T19:44:48+00:00\" \/>\n<meta property=\"article:modified_time\" content=\"2023-12-22T19:44:49+00:00\" \/>\n<meta property=\"og:image\" content=\"https:\/\/enqueretaronoticias.com\/wp-content\/uploads\/2023\/12\/71_273_43211_1355351659_7_2112_SESA_JURISDICCION_1.jpg\" \/>\n\t<meta property=\"og:image:width\" content=\"1280\" \/>\n\t<meta property=\"og:image:height\" content=\"960\" \/>\n\t<meta property=\"og:image:type\" content=\"image\/jpeg\" \/>\n<meta name=\"author\" content=\"admin\" \/>\n<meta name=\"twitter:card\" content=\"summary_large_image\" \/>\n<meta name=\"twitter:title\" content=\"Capacitan a personal de la Jurisdicci\u00f3n No. 1 en materia de Protecci\u00f3n Civil\" \/>\n<meta name=\"twitter:image\" content=\"https:\/\/enqueretaronoticias.com\/wp-content\/uploads\/2023\/12\/71_273_43211_1355351659_7_2112_SESA_JURISDICCION_1.jpg\" \/>\n<meta name=\"twitter:label1\" content=\"Escrito por\" \/>\n\t<meta name=\"twitter:data1\" content=\"admin\" \/>\n\t<meta name=\"twitter:label2\" content=\"Tiempo de lectura\" \/>\n\t<meta name=\"twitter:data2\" content=\"2 minutos\" \/>\n<script type=\"application\/ld+json\" class=\"yoast-schema-graph\">{\"@context\":\"https:\/\/schema.org\",\"@graph\":[{\"@type\":\"Article\",\"@id\":\"https:\/\/enqueretaronoticias.com\/index.php\/2023\/12\/22\/capacitan-a-personal-de-la-jurisdiccion-no-1-en-materia-de-proteccion-civil\/#article\",\"isPartOf\":{\"@id\":\"https:\/\/enqueretaronoticias.com\/index.php\/2023\/12\/22\/capacitan-a-personal-de-la-jurisdiccion-no-1-en-materia-de-proteccion-civil\/\"},\"author\":{\"name\":\"admin\",\"@id\":\"https:\/\/enqueretaronoticias.com\/#\/schema\/person\/76c0647302ba87b9570d18f1c4043536\"},\"headline\":\"Capacitan a personal de la Jurisdicci\u00f3n No. 1 en materia de Protecci\u00f3n Civil\",\"datePublished\":\"2023-12-22T19:44:48+00:00\",\"dateModified\":\"2023-12-22T19:44:49+00:00\",\"mainEntityOfPage\":{\"@id\":\"https:\/\/enqueretaronoticias.com\/index.php\/2023\/12\/22\/capacitan-a-personal-de-la-jurisdiccion-no-1-en-materia-de-proteccion-civil\/\"},\"wordCount\":190,\"commentCount\":0,\"publisher\":{\"@id\":\"https:\/\/enqueretaronoticias.com\/#organization\"},\"articleSection\":[\"Educaci\u00f3n\"],\"inLanguage\":\"es\",\"potentialAction\":[{\"@type\":\"CommentAction\",\"name\":\"Comment\",\"target\":[\"https:\/\/enqueretaronoticias.com\/index.php\/2023\/12\/22\/capacitan-a-personal-de-la-jurisdiccion-no-1-en-materia-de-proteccion-civil\/#respond\"]}]},{\"@type\":\"WebPage\",\"@id\":\"https:\/\/enqueretaronoticias.com\/index.php\/2023\/12\/22\/capacitan-a-personal-de-la-jurisdiccion-no-1-en-materia-de-proteccion-civil\/\",\"url\":\"https:\/\/enqueretaronoticias.com\/index.php\/2023\/12\/22\/capacitan-a-personal-de-la-jurisdiccion-no-1-en-materia-de-proteccion-civil\/\",\"name\":\"Capacitan a personal de la Jurisdicci\u00f3n No. 1 en materia de Protecci\u00f3n Civil - En Queretaro Noticias\",\"isPartOf\":{\"@id\":\"https:\/\/enqueretaronoticias.com\/#website\"},\"datePublished\":\"2023-12-22T19:44:48+00:00\",\"dateModified\":\"2023-12-22T19:44:49+00:00\",\"breadcrumb\":{\"@id\":\"https:\/\/enqueretaronoticias.com\/index.php\/2023\/12\/22\/capacitan-a-personal-de-la-jurisdiccion-no-1-en-materia-de-proteccion-civil\/#breadcrumb\"},\"inLanguage\":\"es\",\"potentialAction\":[{\"@type\":\"ReadAction\",\"target\":[\"https:\/\/enqueretaronoticias.com\/index.php\/2023\/12\/22\/capacitan-a-personal-de-la-jurisdiccion-no-1-en-materia-de-proteccion-civil\/\"]}]},{\"@type\":\"BreadcrumbList\",\"@id\":\"https:\/\/enqueretaronoticias.com\/index.php\/2023\/12\/22\/capacitan-a-personal-de-la-jurisdiccion-no-1-en-materia-de-proteccion-civil\/#breadcrumb\",\"itemListElement\":[{\"@type\":\"ListItem\",\"position\":1,\"name\":\"Inicio\",\"item\":\"https:\/\/enqueretaronoticias.com\/\"},{\"@type\":\"ListItem\",\"position\":2,\"name\":\"Capacitan a personal de la Jurisdicci\u00f3n No. 1 en materia de Protecci\u00f3n Civil\"}]},{\"@type\":\"WebSite\",\"@id\":\"https:\/\/enqueretaronoticias.com\/#website\",\"url\":\"https:\/\/enqueretaronoticias.com\/\",\"name\":\"En Queretaro Noticias\",\"description\":\"\",\"publisher\":{\"@id\":\"https:\/\/enqueretaronoticias.com\/#organization\"},\"potentialAction\":[{\"@type\":\"SearchAction\",\"target\":{\"@type\":\"EntryPoint\",\"urlTemplate\":\"https:\/\/enqueretaronoticias.com\/?s={search_term_string}\"},\"query-input\":\"required name=search_term_string\"}],\"inLanguage\":\"es\"},{\"@type\":\"Organization\",\"@id\":\"https:\/\/enqueretaronoticias.com\/#organization\",\"name\":\"En Queretaro Noticias\",\"url\":\"https:\/\/enqueretaronoticias.com\/\",\"logo\":{\"@type\":\"ImageObject\",\"inLanguage\":\"es\",\"@id\":\"https:\/\/enqueretaronoticias.com\/#\/schema\/logo\/image\/\",\"url\":\"https:\/\/enqueretaronoticias.com\/wp-content\/uploads\/2023\/03\/Logotipo-sin-fondo.png\",\"contentUrl\":\"https:\/\/enqueretaronoticias.com\/wp-content\/uploads\/2023\/03\/Logotipo-sin-fondo.png\",\"width\":700,\"height\":436,\"caption\":\"En Queretaro Noticias\"},\"image\":{\"@id\":\"https:\/\/enqueretaronoticias.com\/#\/schema\/logo\/image\/\"}},{\"@type\":\"Person\",\"@id\":\"https:\/\/enqueretaronoticias.com\/#\/schema\/person\/76c0647302ba87b9570d18f1c4043536\",\"name\":\"admin\",\"image\":{\"@type\":\"ImageObject\",\"inLanguage\":\"es\",\"@id\":\"https:\/\/enqueretaronoticias.com\/#\/schema\/person\/image\/\",\"url\":\"https:\/\/secure.gravatar.com\/avatar\/5a275df3e5b865f2ef1c6bdbf2fece46413212891fcced2f0b46e91ef8820f31?s=96&d=mm&r=g\",\"contentUrl\":\"https:\/\/secure.gravatar.com\/avatar\/5a275df3e5b865f2ef1c6bdbf2fece46413212891fcced2f0b46e91ef8820f31?s=96&d=mm&r=g\",\"caption\":\"admin\"},\"sameAs\":[\"https:\/\/enqueretaronoticias.com\"],\"url\":\"https:\/\/enqueretaronoticias.com\/index.php\/author\/queretaro\/\"}]}<\/script>\n<!-- \/ Yoast SEO plugin. -->","yoast_head_json":{"title":"Capacitan a personal de la Jurisdicci\u00f3n No. 1 en materia de Protecci\u00f3n Civil - En Queretaro Noticias","robots":{"index":"index","follow":"follow","max-snippet":"max-snippet:-1","max-image-preview":"max-image-preview:large","max-video-preview":"max-video-preview:-1"},"canonical":"https:\/\/enqueretaronoticias.com\/index.php\/2023\/12\/22\/capacitan-a-personal-de-la-jurisdiccion-no-1-en-materia-de-proteccion-civil\/","og_locale":"es_MX","og_type":"article","og_title":"Capacitan a personal de la Jurisdicci\u00f3n No. 1 en materia de Protecci\u00f3n Civil","og_description":"La Secretar\u00eda de Salud (SESA) del estado de Quer\u00e9taro fortalece la cultura de Seguridad y la Prevenci\u00f3n en materia de Protecci\u00f3n Civil en las y los trabajadores,&nbsp;motivo por el que&nbsp;organiz\u00f3&nbsp;curso taller de &#8220;Prevenci\u00f3n y Combate de Incendios&#8221;,&nbsp;con duraci\u00f3n de dos d\u00edas&nbsp;dirigidos al personal m\u00e9dico, param\u00e9dico y administrativo que laboran en las diferentes \u00e1reas de la &hellip; Capacitan a personal de la Jurisdicci\u00f3n No. 1 en materia de Protecci\u00f3n Civil Leer m\u00e1s &raquo;","og_url":"https:\/\/enqueretaronoticias.com\/index.php\/2023\/12\/22\/capacitan-a-personal-de-la-jurisdiccion-no-1-en-materia-de-proteccion-civil\/","og_site_name":"En Queretaro Noticias","article_published_time":"2023-12-22T19:44:48+00:00","article_modified_time":"2023-12-22T19:44:49+00:00","og_image":[{"width":1280,"height":960,"url":"https:\/\/enqueretaronoticias.com\/wp-content\/uploads\/2023\/12\/71_273_43211_1355351659_7_2112_SESA_JURISDICCION_1.jpg","type":"image\/jpeg"}],"author":"admin","twitter_card":"summary_large_image","twitter_title":"Capacitan a personal de la Jurisdicci\u00f3n No. 1 en materia de Protecci\u00f3n Civil","twitter_image":"https:\/\/enqueretaronoticias.com\/wp-content\/uploads\/2023\/12\/71_273_43211_1355351659_7_2112_SESA_JURISDICCION_1.jpg","twitter_misc":{"Escrito por":"admin","Tiempo de lectura":"2 minutos"},"schema":{"@context":"https:\/\/schema.org","@graph":[{"@type":"Article","@id":"https:\/\/enqueretaronoticias.com\/index.php\/2023\/12\/22\/capacitan-a-personal-de-la-jurisdiccion-no-1-en-materia-de-proteccion-civil\/#article","isPartOf":{"@id":"https:\/\/enqueretaronoticias.com\/index.php\/2023\/12\/22\/capacitan-a-personal-de-la-jurisdiccion-no-1-en-materia-de-proteccion-civil\/"},"author":{"name":"admin","@id":"https:\/\/enqueretaronoticias.com\/#\/schema\/person\/76c0647302ba87b9570d18f1c4043536"},"headline":"Capacitan a personal de la Jurisdicci\u00f3n No. 1 en materia de Protecci\u00f3n Civil","datePublished":"2023-12-22T19:44:48+00:00","dateModified":"2023-12-22T19:44:49+00:00","mainEntityOfPage":{"@id":"https:\/\/enqueretaronoticias.com\/index.php\/2023\/12\/22\/capacitan-a-personal-de-la-jurisdiccion-no-1-en-materia-de-proteccion-civil\/"},"wordCount":190,"commentCount":0,"publisher":{"@id":"https:\/\/enqueretaronoticias.com\/#organization"},"articleSection":["Educaci\u00f3n"],"inLanguage":"es","potentialAction":[{"@type":"CommentAction","name":"Comment","target":["https:\/\/enqueretaronoticias.com\/index.php\/2023\/12\/22\/capacitan-a-personal-de-la-jurisdiccion-no-1-en-materia-de-proteccion-civil\/#respond"]}]},{"@type":"WebPage","@id":"https:\/\/enqueretaronoticias.com\/index.php\/2023\/12\/22\/capacitan-a-personal-de-la-jurisdiccion-no-1-en-materia-de-proteccion-civil\/","url":"https:\/\/enqueretaronoticias.com\/index.php\/2023\/12\/22\/capacitan-a-personal-de-la-jurisdiccion-no-1-en-materia-de-proteccion-civil\/","name":"Capacitan a personal de la Jurisdicci\u00f3n No. 1 en materia de Protecci\u00f3n Civil - En Queretaro Noticias","isPartOf":{"@id":"https:\/\/enqueretaronoticias.com\/#website"},"datePublished":"2023-12-22T19:44:48+00:00","dateModified":"2023-12-22T19:44:49+00:00","breadcrumb":{"@id":"https:\/\/enqueretaronoticias.com\/index.php\/2023\/12\/22\/capacitan-a-personal-de-la-jurisdiccion-no-1-en-materia-de-proteccion-civil\/#breadcrumb"},"inLanguage":"es","potentialAction":[{"@type":"ReadAction","target":["https:\/\/enqueretaronoticias.com\/index.php\/2023\/12\/22\/capacitan-a-personal-de-la-jurisdiccion-no-1-en-materia-de-proteccion-civil\/"]}]},{"@type":"BreadcrumbList","@id":"https:\/\/enqueretaronoticias.com\/index.php\/2023\/12\/22\/capacitan-a-personal-de-la-jurisdiccion-no-1-en-materia-de-proteccion-civil\/#breadcrumb","itemListElement":[{"@type":"ListItem","position":1,"name":"Inicio","item":"https:\/\/enqueretaronoticias.com\/"},{"@type":"ListItem","position":2,"name":"Capacitan a personal de la Jurisdicci\u00f3n No. 1 en materia de Protecci\u00f3n Civil"}]},{"@type":"WebSite","@id":"https:\/\/enqueretaronoticias.com\/#website","url":"https:\/\/enqueretaronoticias.com\/","name":"En Queretaro Noticias","description":"","publisher":{"@id":"https:\/\/enqueretaronoticias.com\/#organization"},"potentialAction":[{"@type":"SearchAction","target":{"@type":"EntryPoint","urlTemplate":"https:\/\/enqueretaronoticias.com\/?s={search_term_string}"},"query-input":"required name=search_term_string"}],"inLanguage":"es"},{"@type":"Organization","@id":"https:\/\/enqueretaronoticias.com\/#organization","name":"En Queretaro Noticias","url":"https:\/\/enqueretaronoticias.com\/","logo":{"@type":"ImageObject","inLanguage":"es","@id":"https:\/\/enqueretaronoticias.com\/#\/schema\/logo\/image\/","url":"https:\/\/enqueretaronoticias.com\/wp-content\/uploads\/2023\/03\/Logotipo-sin-fondo.png","contentUrl":"https:\/\/enqueretaronoticias.com\/wp-content\/uploads\/2023\/03\/Logotipo-sin-fondo.png","width":700,"height":436,"caption":"En Queretaro Noticias"},"image":{"@id":"https:\/\/enqueretaronoticias.com\/#\/schema\/logo\/image\/"}},{"@type":"Person","@id":"https:\/\/enqueretaronoticias.com\/#\/schema\/person\/76c0647302ba87b9570d18f1c4043536","name":"admin","image":{"@type":"ImageObject","inLanguage":"es","@id":"https:\/\/enqueretaronoticias.com\/#\/schema\/person\/image\/","url":"https:\/\/secure.gravatar.com\/avatar\/5a275df3e5b865f2ef1c6bdbf2fece46413212891fcced2f0b46e91ef8820f31?s=96&d=mm&r=g","contentUrl":"https:\/\/secure.gravatar.com\/avatar\/5a275df3e5b865f2ef1c6bdbf2fece46413212891fcced2f0b46e91ef8820f31?s=96&d=mm&r=g","caption":"admin"},"sameAs":["https:\/\/enqueretaronoticias.com"],"url":"https:\/\/enqueretaronoticias.com\/index.php\/author\/queretaro\/"}]}},"_links":{"self":[{"href":"https:\/\/enqueretaronoticias.com\/index.php\/wp-json\/wp\/v2\/posts\/487","targetHints":{"allow":["GET"]}}],"collection":[{"href":"https:\/\/enqueretaronoticias.com\/index.php\/wp-json\/wp\/v2\/posts"}],"about":[{"href":"https:\/\/enqueretaronoticias.com\/index.php\/wp-json\/wp\/v2\/types\/post"}],"author":[{"embeddable":true,"href":"https:\/\/enqueretaronoticias.com\/index.php\/wp-json\/wp\/v2\/users\/1"}],"replies":[{"embeddable":true,"href":"https:\/\/enqueretaronoticias.com\/index.php\/wp-json\/wp\/v2\/comments?post=487"}],"version-history":[{"count":1,"href":"https:\/\/enqueretaronoticias.com\/index.php\/wp-json\/wp\/v2\/posts\/487\/revisions"}],"predecessor-version":[{"id":491,"href":"https:\/\/enqueretaronoticias.com\/index.php\/wp-json\/wp\/v2\/posts\/487\/revisions\/491"}],"wp:featuredmedia":[{"embeddable":true,"href":"https:\/\/enqueretaronoticias.com\/index.php\/wp-json\/wp\/v2\/media\/490"}],"wp:attachment":[{"href":"https:\/\/enqueretaronoticias.com\/index.php\/wp-json\/wp\/v2\/media?parent=487"}],"wp:term":[{"taxonomy":"category","embeddable":true,"href":"https:\/\/enqueretaronoticias.com\/index.php\/wp-json\/wp\/v2\/categories?post=487"},{"taxonomy":"post_tag","embeddable":true,"href":"https:\/\/enqueretaronoticias.com\/index.php\/wp-json\/wp\/v2\/tags?post=487"}],"curies":[{"name":"wp","href":"https:\/\/api.w.org\/{rel}","templated":true}]}}