{"id":193,"date":"2023-09-05T16:50:18","date_gmt":"2023-09-05T16:50:18","guid":{"rendered":"https:\/\/enqueretaronoticias.com\/?p=193"},"modified":"2023-09-05T16:50:19","modified_gmt":"2023-09-05T16:50:19","slug":"entregan-apoyos-alimentarios-en-corregidora","status":"publish","type":"post","link":"https:\/\/enqueretaronoticias.com\/index.php\/2023\/09\/05\/entregan-apoyos-alimentarios-en-corregidora\/","title":{"rendered":"Entregan apoyos alimentarios en Corregidora"},"content":{"rendered":"\n<p>Con el objetivo de favorecer a una alimentaci\u00f3n digna y nutritiva para personas en situaci\u00f3n de pobreza o vulnerabilidad en Quer\u00e9taro, Agust\u00edn Dorantes L\u00e1mbarri, secretario de Desarrollo Social, encabez\u00f3 la entrega de 367 apoyos alimentarios a ciudadanas y ciudadanos de 16 colonias y comunidades en el municipio de Corregidora.<\/p>\n\n\n\n<figure class=\"wp-block-image size-large\"><img loading=\"lazy\" decoding=\"async\" width=\"1024\" height=\"682\" src=\"https:\/\/enqueretaronoticias.com\/wp-content\/uploads\/2023\/09\/71_273_41978_1159998376_IMG_5030-1024x682.jpeg\" alt=\"\" class=\"wp-image-194\" srcset=\"https:\/\/enqueretaronoticias.com\/wp-content\/uploads\/2023\/09\/71_273_41978_1159998376_IMG_5030-1024x682.jpeg 1024w, https:\/\/enqueretaronoticias.com\/wp-content\/uploads\/2023\/09\/71_273_41978_1159998376_IMG_5030-300x200.jpeg 300w, https:\/\/enqueretaronoticias.com\/wp-content\/uploads\/2023\/09\/71_273_41978_1159998376_IMG_5030-768x512.jpeg 768w, https:\/\/enqueretaronoticias.com\/wp-content\/uploads\/2023\/09\/71_273_41978_1159998376_IMG_5030.jpeg 1280w\" sizes=\"auto, (max-width: 1024px) 100vw, 1024px\" \/><\/figure>\n\n\n\n<p>El titular de la SEDESOQ precis\u00f3 que dicho programa cuenta con un padr\u00f3n de 44 mil 189 beneficiarios en todo el estado, de los cuales, dos mil 346 son de Corregidora; adem\u00e1s destac\u00f3 la importancia de trabajar en equipo con la ciudadan\u00eda y sensibilizarse ante las necesidades de la gente en situaci\u00f3n de vulnerabilidad.<\/p>\n\n\n\n<p>\u201cSi vemos que cada vez hay m\u00e1s personas, adultos mayores que no tienen un sistema de pensi\u00f3n, l\u00f3gicamente la lana no alcanza y tenemos que generar estrategias para que cada quien viva dignamente; el Gobernador piensa que debe de cambiarse el paradigma de una pol\u00edtica social que vuelve dependiente a las personas por una pol\u00edtica social que empodere a las personas\u201d, se\u00f1al\u00f3.<\/p>\n\n\n\n<figure class=\"wp-block-image size-large\"><img loading=\"lazy\" decoding=\"async\" width=\"1024\" height=\"682\" src=\"https:\/\/enqueretaronoticias.com\/wp-content\/uploads\/2023\/09\/71_273_41978_1159998376_IMG_5032-1024x682.jpeg\" alt=\"\" class=\"wp-image-195\" srcset=\"https:\/\/enqueretaronoticias.com\/wp-content\/uploads\/2023\/09\/71_273_41978_1159998376_IMG_5032-1024x682.jpeg 1024w, https:\/\/enqueretaronoticias.com\/wp-content\/uploads\/2023\/09\/71_273_41978_1159998376_IMG_5032-300x200.jpeg 300w, https:\/\/enqueretaronoticias.com\/wp-content\/uploads\/2023\/09\/71_273_41978_1159998376_IMG_5032-768x512.jpeg 768w, https:\/\/enqueretaronoticias.com\/wp-content\/uploads\/2023\/09\/71_273_41978_1159998376_IMG_5032.jpeg 1280w\" sizes=\"auto, (max-width: 1024px) 100vw, 1024px\" \/><\/figure>\n\n\n\n<p>Los paquetes alimentarios entregados durante el evento fueron dirigidos a personas de las siguientes colonias y comunidades en el municipio mencionado: El Pueblito, La Ci\u00e9nega, Huertas del Pueblito, Santuarios de El Pueblito, Paseos del Bosque, Pir\u00e1mides, Las Trojes, Puerta de Piedra, Bellavista, Los Nogales, Las Palomas, Mediterr\u00e1neo, Callejones de los Mendoza, Residencial Santa Fe, El Pocito y Las Flores.<\/p>\n\n\n\n<p>Cada uno de los apoyos entregados contiene: at\u00fan en agua, aceite comestible puro de canola, arroz, f\u00e9cula de ma\u00edz para preparar atole, avena fortificada, sopa de pasta, leche en polvo, licuado de avena con amaranto, avena en hojuela, polvo para gelatina, pur\u00e9 de tomate, soya texturizada para guisos, lentejas y frijoles.&nbsp;<\/p>\n","protected":false},"excerpt":{"rendered":"<p>Con el objetivo de favorecer a una alimentaci\u00f3n digna y nutritiva para personas en situaci\u00f3n de pobreza o vulnerabilidad en Quer\u00e9taro, Agust\u00edn Dorantes L\u00e1mbarri, secretario de Desarrollo Social, encabez\u00f3 la entrega de 367 apoyos alimentarios a ciudadanas y ciudadanos de 16 colonias y comunidades en el municipio de Corregidora. El titular de la SEDESOQ precis\u00f3 &hellip;<\/p>\n<p class=\"read-more\"> <a class=\"\" href=\"https:\/\/enqueretaronoticias.com\/index.php\/2023\/09\/05\/entregan-apoyos-alimentarios-en-corregidora\/\"> <span class=\"screen-reader-text\">Entregan apoyos alimentarios en Corregidora<\/span> Leer m\u00e1s &raquo;<\/a><\/p>\n","protected":false},"author":1,"featured_media":196,"comment_status":"open","ping_status":"open","sticky":false,"template":"","format":"standard","meta":{"site-sidebar-layout":"default","site-content-layout":"default","ast-global-header-display":"","ast-main-header-display":"","ast-hfb-above-header-display":"","ast-hfb-below-header-display":"","ast-hfb-mobile-header-display":"","site-post-title":"","ast-breadcrumbs-content":"","ast-featured-img":"","footer-sml-layout":"","theme-transparent-header-meta":"","adv-header-id-meta":"","stick-header-meta":"","header-above-stick-meta":"","header-main-stick-meta":"","header-below-stick-meta":"","footnotes":""},"categories":[14],"tags":[],"class_list":["post-193","post","type-post","status-publish","format-standard","has-post-thumbnail","hentry","category-gobierno"],"yoast_head":"<!-- This site is optimized with the Yoast SEO plugin v20.3 - https:\/\/yoast.com\/wordpress\/plugins\/seo\/ -->\n<title>Entregan apoyos alimentarios en Corregidora - En Queretaro Noticias<\/title>\n<meta name=\"robots\" content=\"index, follow, max-snippet:-1, max-image-preview:large, max-video-preview:-1\" \/>\n<link rel=\"canonical\" href=\"https:\/\/enqueretaronoticias.com\/index.php\/2023\/09\/05\/entregan-apoyos-alimentarios-en-corregidora\/\" \/>\n<meta property=\"og:locale\" content=\"es_MX\" \/>\n<meta property=\"og:type\" content=\"article\" \/>\n<meta property=\"og:title\" content=\"Entregan apoyos alimentarios en Corregidora\" \/>\n<meta property=\"og:description\" content=\"Con el objetivo de favorecer a una alimentaci\u00f3n digna y nutritiva para personas en situaci\u00f3n de pobreza o vulnerabilidad en Quer\u00e9taro, Agust\u00edn Dorantes L\u00e1mbarri, secretario de Desarrollo Social, encabez\u00f3 la entrega de 367 apoyos alimentarios a ciudadanas y ciudadanos de 16 colonias y comunidades en el municipio de Corregidora. El titular de la SEDESOQ precis\u00f3 &hellip; Entregan apoyos alimentarios en Corregidora Leer m\u00e1s &raquo;\" \/>\n<meta property=\"og:url\" content=\"https:\/\/enqueretaronoticias.com\/index.php\/2023\/09\/05\/entregan-apoyos-alimentarios-en-corregidora\/\" \/>\n<meta property=\"og:site_name\" content=\"En Queretaro Noticias\" \/>\n<meta property=\"article:published_time\" content=\"2023-09-05T16:50:18+00:00\" \/>\n<meta property=\"article:modified_time\" content=\"2023-09-05T16:50:19+00:00\" \/>\n<meta property=\"og:image\" content=\"https:\/\/enqueretaronoticias.com\/wp-content\/uploads\/2023\/09\/71_273_41978_1511370267_IMG_5028.jpeg\" \/>\n\t<meta property=\"og:image:width\" content=\"1280\" \/>\n\t<meta property=\"og:image:height\" content=\"853\" \/>\n\t<meta property=\"og:image:type\" content=\"image\/jpeg\" \/>\n<meta name=\"author\" content=\"admin\" \/>\n<meta name=\"twitter:card\" content=\"summary_large_image\" \/>\n<meta name=\"twitter:title\" content=\"Entregan apoyos alimentarios en Corregidora\" \/>\n<meta name=\"twitter:image\" content=\"https:\/\/enqueretaronoticias.com\/wp-content\/uploads\/2023\/09\/71_273_41978_1511370267_IMG_5028.jpeg\" \/>\n<meta name=\"twitter:label1\" content=\"Escrito por\" \/>\n\t<meta name=\"twitter:data1\" content=\"admin\" \/>\n\t<meta name=\"twitter:label2\" content=\"Tiempo de lectura\" \/>\n\t<meta name=\"twitter:data2\" content=\"2 minutos\" \/>\n<script type=\"application\/ld+json\" class=\"yoast-schema-graph\">{\"@context\":\"https:\/\/schema.org\",\"@graph\":[{\"@type\":\"Article\",\"@id\":\"https:\/\/enqueretaronoticias.com\/index.php\/2023\/09\/05\/entregan-apoyos-alimentarios-en-corregidora\/#article\",\"isPartOf\":{\"@id\":\"https:\/\/enqueretaronoticias.com\/index.php\/2023\/09\/05\/entregan-apoyos-alimentarios-en-corregidora\/\"},\"author\":{\"name\":\"admin\",\"@id\":\"https:\/\/enqueretaronoticias.com\/#\/schema\/person\/76c0647302ba87b9570d18f1c4043536\"},\"headline\":\"Entregan apoyos alimentarios en Corregidora\",\"datePublished\":\"2023-09-05T16:50:18+00:00\",\"dateModified\":\"2023-09-05T16:50:19+00:00\",\"mainEntityOfPage\":{\"@id\":\"https:\/\/enqueretaronoticias.com\/index.php\/2023\/09\/05\/entregan-apoyos-alimentarios-en-corregidora\/\"},\"wordCount\":297,\"commentCount\":0,\"publisher\":{\"@id\":\"https:\/\/enqueretaronoticias.com\/#organization\"},\"articleSection\":[\"Gobierno\"],\"inLanguage\":\"es\",\"potentialAction\":[{\"@type\":\"CommentAction\",\"name\":\"Comment\",\"target\":[\"https:\/\/enqueretaronoticias.com\/index.php\/2023\/09\/05\/entregan-apoyos-alimentarios-en-corregidora\/#respond\"]}]},{\"@type\":\"WebPage\",\"@id\":\"https:\/\/enqueretaronoticias.com\/index.php\/2023\/09\/05\/entregan-apoyos-alimentarios-en-corregidora\/\",\"url\":\"https:\/\/enqueretaronoticias.com\/index.php\/2023\/09\/05\/entregan-apoyos-alimentarios-en-corregidora\/\",\"name\":\"Entregan apoyos alimentarios en Corregidora - En Queretaro Noticias\",\"isPartOf\":{\"@id\":\"https:\/\/enqueretaronoticias.com\/#website\"},\"datePublished\":\"2023-09-05T16:50:18+00:00\",\"dateModified\":\"2023-09-05T16:50:19+00:00\",\"breadcrumb\":{\"@id\":\"https:\/\/enqueretaronoticias.com\/index.php\/2023\/09\/05\/entregan-apoyos-alimentarios-en-corregidora\/#breadcrumb\"},\"inLanguage\":\"es\",\"potentialAction\":[{\"@type\":\"ReadAction\",\"target\":[\"https:\/\/enqueretaronoticias.com\/index.php\/2023\/09\/05\/entregan-apoyos-alimentarios-en-corregidora\/\"]}]},{\"@type\":\"BreadcrumbList\",\"@id\":\"https:\/\/enqueretaronoticias.com\/index.php\/2023\/09\/05\/entregan-apoyos-alimentarios-en-corregidora\/#breadcrumb\",\"itemListElement\":[{\"@type\":\"ListItem\",\"position\":1,\"name\":\"Inicio\",\"item\":\"https:\/\/enqueretaronoticias.com\/\"},{\"@type\":\"ListItem\",\"position\":2,\"name\":\"Entregan apoyos alimentarios en Corregidora\"}]},{\"@type\":\"WebSite\",\"@id\":\"https:\/\/enqueretaronoticias.com\/#website\",\"url\":\"https:\/\/enqueretaronoticias.com\/\",\"name\":\"En Queretaro Noticias\",\"description\":\"\",\"publisher\":{\"@id\":\"https:\/\/enqueretaronoticias.com\/#organization\"},\"potentialAction\":[{\"@type\":\"SearchAction\",\"target\":{\"@type\":\"EntryPoint\",\"urlTemplate\":\"https:\/\/enqueretaronoticias.com\/?s={search_term_string}\"},\"query-input\":\"required name=search_term_string\"}],\"inLanguage\":\"es\"},{\"@type\":\"Organization\",\"@id\":\"https:\/\/enqueretaronoticias.com\/#organization\",\"name\":\"En Queretaro Noticias\",\"url\":\"https:\/\/enqueretaronoticias.com\/\",\"logo\":{\"@type\":\"ImageObject\",\"inLanguage\":\"es\",\"@id\":\"https:\/\/enqueretaronoticias.com\/#\/schema\/logo\/image\/\",\"url\":\"https:\/\/enqueretaronoticias.com\/wp-content\/uploads\/2023\/03\/Logotipo-sin-fondo.png\",\"contentUrl\":\"https:\/\/enqueretaronoticias.com\/wp-content\/uploads\/2023\/03\/Logotipo-sin-fondo.png\",\"width\":700,\"height\":436,\"caption\":\"En Queretaro Noticias\"},\"image\":{\"@id\":\"https:\/\/enqueretaronoticias.com\/#\/schema\/logo\/image\/\"}},{\"@type\":\"Person\",\"@id\":\"https:\/\/enqueretaronoticias.com\/#\/schema\/person\/76c0647302ba87b9570d18f1c4043536\",\"name\":\"admin\",\"image\":{\"@type\":\"ImageObject\",\"inLanguage\":\"es\",\"@id\":\"https:\/\/enqueretaronoticias.com\/#\/schema\/person\/image\/\",\"url\":\"https:\/\/secure.gravatar.com\/avatar\/5a275df3e5b865f2ef1c6bdbf2fece46413212891fcced2f0b46e91ef8820f31?s=96&d=mm&r=g\",\"contentUrl\":\"https:\/\/secure.gravatar.com\/avatar\/5a275df3e5b865f2ef1c6bdbf2fece46413212891fcced2f0b46e91ef8820f31?s=96&d=mm&r=g\",\"caption\":\"admin\"},\"sameAs\":[\"https:\/\/enqueretaronoticias.com\"],\"url\":\"https:\/\/enqueretaronoticias.com\/index.php\/author\/queretaro\/\"}]}<\/script>\n<!-- \/ Yoast SEO plugin. -->","yoast_head_json":{"title":"Entregan apoyos alimentarios en Corregidora - En Queretaro Noticias","robots":{"index":"index","follow":"follow","max-snippet":"max-snippet:-1","max-image-preview":"max-image-preview:large","max-video-preview":"max-video-preview:-1"},"canonical":"https:\/\/enqueretaronoticias.com\/index.php\/2023\/09\/05\/entregan-apoyos-alimentarios-en-corregidora\/","og_locale":"es_MX","og_type":"article","og_title":"Entregan apoyos alimentarios en Corregidora","og_description":"Con el objetivo de favorecer a una alimentaci\u00f3n digna y nutritiva para personas en situaci\u00f3n de pobreza o vulnerabilidad en Quer\u00e9taro, Agust\u00edn Dorantes L\u00e1mbarri, secretario de Desarrollo Social, encabez\u00f3 la entrega de 367 apoyos alimentarios a ciudadanas y ciudadanos de 16 colonias y comunidades en el municipio de Corregidora. El titular de la SEDESOQ precis\u00f3 &hellip; Entregan apoyos alimentarios en Corregidora Leer m\u00e1s &raquo;","og_url":"https:\/\/enqueretaronoticias.com\/index.php\/2023\/09\/05\/entregan-apoyos-alimentarios-en-corregidora\/","og_site_name":"En Queretaro Noticias","article_published_time":"2023-09-05T16:50:18+00:00","article_modified_time":"2023-09-05T16:50:19+00:00","og_image":[{"width":1280,"height":853,"url":"https:\/\/enqueretaronoticias.com\/wp-content\/uploads\/2023\/09\/71_273_41978_1511370267_IMG_5028.jpeg","type":"image\/jpeg"}],"author":"admin","twitter_card":"summary_large_image","twitter_title":"Entregan apoyos alimentarios en Corregidora","twitter_image":"https:\/\/enqueretaronoticias.com\/wp-content\/uploads\/2023\/09\/71_273_41978_1511370267_IMG_5028.jpeg","twitter_misc":{"Escrito por":"admin","Tiempo de lectura":"2 minutos"},"schema":{"@context":"https:\/\/schema.org","@graph":[{"@type":"Article","@id":"https:\/\/enqueretaronoticias.com\/index.php\/2023\/09\/05\/entregan-apoyos-alimentarios-en-corregidora\/#article","isPartOf":{"@id":"https:\/\/enqueretaronoticias.com\/index.php\/2023\/09\/05\/entregan-apoyos-alimentarios-en-corregidora\/"},"author":{"name":"admin","@id":"https:\/\/enqueretaronoticias.com\/#\/schema\/person\/76c0647302ba87b9570d18f1c4043536"},"headline":"Entregan apoyos alimentarios en Corregidora","datePublished":"2023-09-05T16:50:18+00:00","dateModified":"2023-09-05T16:50:19+00:00","mainEntityOfPage":{"@id":"https:\/\/enqueretaronoticias.com\/index.php\/2023\/09\/05\/entregan-apoyos-alimentarios-en-corregidora\/"},"wordCount":297,"commentCount":0,"publisher":{"@id":"https:\/\/enqueretaronoticias.com\/#organization"},"articleSection":["Gobierno"],"inLanguage":"es","potentialAction":[{"@type":"CommentAction","name":"Comment","target":["https:\/\/enqueretaronoticias.com\/index.php\/2023\/09\/05\/entregan-apoyos-alimentarios-en-corregidora\/#respond"]}]},{"@type":"WebPage","@id":"https:\/\/enqueretaronoticias.com\/index.php\/2023\/09\/05\/entregan-apoyos-alimentarios-en-corregidora\/","url":"https:\/\/enqueretaronoticias.com\/index.php\/2023\/09\/05\/entregan-apoyos-alimentarios-en-corregidora\/","name":"Entregan apoyos alimentarios en Corregidora - En Queretaro Noticias","isPartOf":{"@id":"https:\/\/enqueretaronoticias.com\/#website"},"datePublished":"2023-09-05T16:50:18+00:00","dateModified":"2023-09-05T16:50:19+00:00","breadcrumb":{"@id":"https:\/\/enqueretaronoticias.com\/index.php\/2023\/09\/05\/entregan-apoyos-alimentarios-en-corregidora\/#breadcrumb"},"inLanguage":"es","potentialAction":[{"@type":"ReadAction","target":["https:\/\/enqueretaronoticias.com\/index.php\/2023\/09\/05\/entregan-apoyos-alimentarios-en-corregidora\/"]}]},{"@type":"BreadcrumbList","@id":"https:\/\/enqueretaronoticias.com\/index.php\/2023\/09\/05\/entregan-apoyos-alimentarios-en-corregidora\/#breadcrumb","itemListElement":[{"@type":"ListItem","position":1,"name":"Inicio","item":"https:\/\/enqueretaronoticias.com\/"},{"@type":"ListItem","position":2,"name":"Entregan apoyos alimentarios en Corregidora"}]},{"@type":"WebSite","@id":"https:\/\/enqueretaronoticias.com\/#website","url":"https:\/\/enqueretaronoticias.com\/","name":"En Queretaro Noticias","description":"","publisher":{"@id":"https:\/\/enqueretaronoticias.com\/#organization"},"potentialAction":[{"@type":"SearchAction","target":{"@type":"EntryPoint","urlTemplate":"https:\/\/enqueretaronoticias.com\/?s={search_term_string}"},"query-input":"required name=search_term_string"}],"inLanguage":"es"},{"@type":"Organization","@id":"https:\/\/enqueretaronoticias.com\/#organization","name":"En Queretaro Noticias","url":"https:\/\/enqueretaronoticias.com\/","logo":{"@type":"ImageObject","inLanguage":"es","@id":"https:\/\/enqueretaronoticias.com\/#\/schema\/logo\/image\/","url":"https:\/\/enqueretaronoticias.com\/wp-content\/uploads\/2023\/03\/Logotipo-sin-fondo.png","contentUrl":"https:\/\/enqueretaronoticias.com\/wp-content\/uploads\/2023\/03\/Logotipo-sin-fondo.png","width":700,"height":436,"caption":"En Queretaro Noticias"},"image":{"@id":"https:\/\/enqueretaronoticias.com\/#\/schema\/logo\/image\/"}},{"@type":"Person","@id":"https:\/\/enqueretaronoticias.com\/#\/schema\/person\/76c0647302ba87b9570d18f1c4043536","name":"admin","image":{"@type":"ImageObject","inLanguage":"es","@id":"https:\/\/enqueretaronoticias.com\/#\/schema\/person\/image\/","url":"https:\/\/secure.gravatar.com\/avatar\/5a275df3e5b865f2ef1c6bdbf2fece46413212891fcced2f0b46e91ef8820f31?s=96&d=mm&r=g","contentUrl":"https:\/\/secure.gravatar.com\/avatar\/5a275df3e5b865f2ef1c6bdbf2fece46413212891fcced2f0b46e91ef8820f31?s=96&d=mm&r=g","caption":"admin"},"sameAs":["https:\/\/enqueretaronoticias.com"],"url":"https:\/\/enqueretaronoticias.com\/index.php\/author\/queretaro\/"}]}},"_links":{"self":[{"href":"https:\/\/enqueretaronoticias.com\/index.php\/wp-json\/wp\/v2\/posts\/193","targetHints":{"allow":["GET"]}}],"collection":[{"href":"https:\/\/enqueretaronoticias.com\/index.php\/wp-json\/wp\/v2\/posts"}],"about":[{"href":"https:\/\/enqueretaronoticias.com\/index.php\/wp-json\/wp\/v2\/types\/post"}],"author":[{"embeddable":true,"href":"https:\/\/enqueretaronoticias.com\/index.php\/wp-json\/wp\/v2\/users\/1"}],"replies":[{"embeddable":true,"href":"https:\/\/enqueretaronoticias.com\/index.php\/wp-json\/wp\/v2\/comments?post=193"}],"version-history":[{"count":1,"href":"https:\/\/enqueretaronoticias.com\/index.php\/wp-json\/wp\/v2\/posts\/193\/revisions"}],"predecessor-version":[{"id":197,"href":"https:\/\/enqueretaronoticias.com\/index.php\/wp-json\/wp\/v2\/posts\/193\/revisions\/197"}],"wp:featuredmedia":[{"embeddable":true,"href":"https:\/\/enqueretaronoticias.com\/index.php\/wp-json\/wp\/v2\/media\/196"}],"wp:attachment":[{"href":"https:\/\/enqueretaronoticias.com\/index.php\/wp-json\/wp\/v2\/media?parent=193"}],"wp:term":[{"taxonomy":"category","embeddable":true,"href":"https:\/\/enqueretaronoticias.com\/index.php\/wp-json\/wp\/v2\/categories?post=193"},{"taxonomy":"post_tag","embeddable":true,"href":"https:\/\/enqueretaronoticias.com\/index.php\/wp-json\/wp\/v2\/tags?post=193"}],"curies":[{"name":"wp","href":"https:\/\/api.w.org\/{rel}","templated":true}]}}