{"id":174,"date":"2023-08-22T22:20:01","date_gmt":"2023-08-22T22:20:01","guid":{"rendered":"https:\/\/enqueretaronoticias.com\/?p=174"},"modified":"2023-08-22T22:20:02","modified_gmt":"2023-08-22T22:20:02","slug":"conmemora-lupita-murguia-el-74-aniversario-de-bomberos-de-queretaro","status":"publish","type":"post","link":"https:\/\/enqueretaronoticias.com\/index.php\/2023\/08\/22\/conmemora-lupita-murguia-el-74-aniversario-de-bomberos-de-queretaro\/","title":{"rendered":"Conmemora Lupita Murgu\u00eda el 74 Aniversario de Bomberos de Quer\u00e9taro"},"content":{"rendered":"\n<p>La secretaria de Gobierno, Guadalupe Murgu\u00eda Guti\u00e9rrez, en representaci\u00f3n del gobernador Mauricio Kuri, encabez\u00f3 la conmemoraci\u00f3n del D\u00eda del Bombero y el 74 Aniversario del Heroico Cuerpo de Bomberos de Quer\u00e9taro, tiempo en el que se\u00f1al\u00f3, han trabajado respondiendo cada vez que hay una situaci\u00f3n de emergencia para cuidar vidas humanas y propiedades de personas que no conocen, pero que protegen de cualquier forma.<\/p>\n\n\n\n<figure class=\"wp-block-image size-large\"><img loading=\"lazy\" decoding=\"async\" width=\"1024\" height=\"667\" src=\"https:\/\/enqueretaronoticias.com\/wp-content\/uploads\/2023\/08\/71_273_41822_1704473853_22_08_23_BOMBEROS_037-1024x667.jpg\" alt=\"\" class=\"wp-image-175\" srcset=\"https:\/\/enqueretaronoticias.com\/wp-content\/uploads\/2023\/08\/71_273_41822_1704473853_22_08_23_BOMBEROS_037-1024x667.jpg 1024w, https:\/\/enqueretaronoticias.com\/wp-content\/uploads\/2023\/08\/71_273_41822_1704473853_22_08_23_BOMBEROS_037-300x195.jpg 300w, https:\/\/enqueretaronoticias.com\/wp-content\/uploads\/2023\/08\/71_273_41822_1704473853_22_08_23_BOMBEROS_037-768x500.jpg 768w, https:\/\/enqueretaronoticias.com\/wp-content\/uploads\/2023\/08\/71_273_41822_1704473853_22_08_23_BOMBEROS_037-1536x1000.jpg 1536w, https:\/\/enqueretaronoticias.com\/wp-content\/uploads\/2023\/08\/71_273_41822_1704473853_22_08_23_BOMBEROS_037-2048x1333.jpg 2048w\" sizes=\"auto, (max-width: 1024px) 100vw, 1024px\" \/><\/figure>\n\n\n\n<p>&#8220;Por algo, los bomberos son los servidores mejor valorados y m\u00e1s queridos por la ciudadan\u00eda, porque siempre est\u00e1n ah\u00ed, porque nunca niegan el auxilio, ni dejan de responder a ning\u00fan llamado. Y es que nuestros bomberos ponen todos los d\u00edas en riesgo su integridad f\u00edsica para servir al pr\u00f3jimo con profesionalismo y la mayor vocaci\u00f3n de servicio. Su labor se ha robado el coraz\u00f3n de nuestra comunidad y por eso buscamos siempre estar atentos para apoyarlos y mejorar las condiciones para que puedan desempe\u00f1ar su trabajo&#8221;, asegur\u00f3.<\/p>\n\n\n\n<p>Murgu\u00eda Guti\u00e9rrez destac\u00f3 que en este ejercicio 2023, Gobierno del Estado ha otorgado, a trav\u00e9s de la Coordinaci\u00f3n Estatal de Protecci\u00f3n Civil, un total de 52 millones 950 mil pesos a los diferentes cuerpos de Bomberos del Estado para apoyo de sus operaciones.<\/p>\n\n\n\n<p>La funcionaria estatal indic\u00f3 que tan solo al grupo de Bomberos de la capital, se han aportado 31 millones 300 mil pesos y adelant\u00f3 que est\u00e1n por aprobarse 1.5 millones de pesos m\u00e1s, para la construcci\u00f3n de la Estaci\u00f3n n\u00famero 8 de Bomberos de Quer\u00e9taro.<\/p>\n\n\n\n<figure class=\"wp-block-image size-large\"><img loading=\"lazy\" decoding=\"async\" width=\"1024\" height=\"684\" src=\"https:\/\/enqueretaronoticias.com\/wp-content\/uploads\/2023\/08\/71_273_41822_746674171_22_08_23_BOMBEROS_018-1024x684.jpg\" alt=\"\" class=\"wp-image-176\" srcset=\"https:\/\/enqueretaronoticias.com\/wp-content\/uploads\/2023\/08\/71_273_41822_746674171_22_08_23_BOMBEROS_018-1024x684.jpg 1024w, https:\/\/enqueretaronoticias.com\/wp-content\/uploads\/2023\/08\/71_273_41822_746674171_22_08_23_BOMBEROS_018-300x200.jpg 300w, https:\/\/enqueretaronoticias.com\/wp-content\/uploads\/2023\/08\/71_273_41822_746674171_22_08_23_BOMBEROS_018-768x513.jpg 768w, https:\/\/enqueretaronoticias.com\/wp-content\/uploads\/2023\/08\/71_273_41822_746674171_22_08_23_BOMBEROS_018-1536x1026.jpg 1536w, https:\/\/enqueretaronoticias.com\/wp-content\/uploads\/2023\/08\/71_273_41822_746674171_22_08_23_BOMBEROS_018-2048x1368.jpg 2048w\" sizes=\"auto, (max-width: 1024px) 100vw, 1024px\" \/><\/figure>\n\n\n\n<p>Detall\u00f3 que, en mayo de este a\u00f1o, con parte de los recursos otorgados, se realiz\u00f3 la adquisici\u00f3n del cami\u00f3n Escala de Rescate articulado,&nbsp;con un costo de 35 mil d\u00f3lares, casi 700 mil pesos, mismo que ahora es unidad de primera l\u00ednea denominada Rescate 1 y que se encuentra en operaciones de emergencia en la Estaci\u00f3n 1 de la instituci\u00f3n.<\/p>\n\n\n\n<p>La Secretaria tambi\u00e9n reconoci\u00f3 el esfuerzo y dedicaci\u00f3n de 14 hombres y mujeres que se graduaron de la Academia de Bomberos de Quer\u00e9taro, al tiempo de extender su agradecimiento a cada elemento de la corporaci\u00f3n, a quienes dijo que, gracias a su intervenci\u00f3n oportuna, se marca la diferencia entre la vida y la muerte.<\/p>\n\n\n\n<p>Junto a la consejera presidenta de&nbsp;Previsi\u00f3n y Protecci\u00f3n S.C., Bomberos Quer\u00e9taro, Myriam Vallarino Hernando, Guadalupe Murgu\u00eda llev\u00f3 a cabo la entrega de la presea &#8220;Manuel Pesquera&#8221; al bombero Kory Macausland, benefactor de los Bomberos en el estado de Quer\u00e9taro.<\/p>\n\n\n\n<figure class=\"wp-block-image size-large\"><img loading=\"lazy\" decoding=\"async\" width=\"1024\" height=\"671\" src=\"https:\/\/enqueretaronoticias.com\/wp-content\/uploads\/2023\/08\/71_273_41822_327518134_22_08_23_BOMBEROS_034-1024x671.jpg\" alt=\"\" class=\"wp-image-177\" srcset=\"https:\/\/enqueretaronoticias.com\/wp-content\/uploads\/2023\/08\/71_273_41822_327518134_22_08_23_BOMBEROS_034-1024x671.jpg 1024w, https:\/\/enqueretaronoticias.com\/wp-content\/uploads\/2023\/08\/71_273_41822_327518134_22_08_23_BOMBEROS_034-300x197.jpg 300w, https:\/\/enqueretaronoticias.com\/wp-content\/uploads\/2023\/08\/71_273_41822_327518134_22_08_23_BOMBEROS_034-768x503.jpg 768w, https:\/\/enqueretaronoticias.com\/wp-content\/uploads\/2023\/08\/71_273_41822_327518134_22_08_23_BOMBEROS_034-1536x1007.jpg 1536w, https:\/\/enqueretaronoticias.com\/wp-content\/uploads\/2023\/08\/71_273_41822_327518134_22_08_23_BOMBEROS_034-2048x1343.jpg 2048w\" sizes=\"auto, (max-width: 1024px) 100vw, 1024px\" \/><\/figure>\n\n\n\n<p>Myriam Vallarino resalt\u00f3 la labor heroica de quienes diariamente se preparan para enfrentar situaciones de peligro y mencion\u00f3 que su dedicaci\u00f3n y profesionalismo, inspiran y recuerdan la importancia de la celebraci\u00f3n del D\u00eda del Bombero y su compromiso con la sociedad.<\/p>\n","protected":false},"excerpt":{"rendered":"<p>La secretaria de Gobierno, Guadalupe Murgu\u00eda Guti\u00e9rrez, en representaci\u00f3n del gobernador Mauricio Kuri, encabez\u00f3 la conmemoraci\u00f3n del D\u00eda del Bombero y el 74 Aniversario del Heroico Cuerpo de Bomberos de Quer\u00e9taro, tiempo en el que se\u00f1al\u00f3, han trabajado respondiendo cada vez que hay una situaci\u00f3n de emergencia para cuidar vidas humanas y propiedades de personas &hellip;<\/p>\n<p class=\"read-more\"> <a class=\"\" href=\"https:\/\/enqueretaronoticias.com\/index.php\/2023\/08\/22\/conmemora-lupita-murguia-el-74-aniversario-de-bomberos-de-queretaro\/\"> <span class=\"screen-reader-text\">Conmemora Lupita Murgu\u00eda el 74 Aniversario de Bomberos de Quer\u00e9taro<\/span> Leer m\u00e1s &raquo;<\/a><\/p>\n","protected":false},"author":1,"featured_media":178,"comment_status":"open","ping_status":"open","sticky":false,"template":"","format":"standard","meta":{"site-sidebar-layout":"default","site-content-layout":"default","ast-global-header-display":"","ast-main-header-display":"","ast-hfb-above-header-display":"","ast-hfb-below-header-display":"","ast-hfb-mobile-header-display":"","site-post-title":"","ast-breadcrumbs-content":"","ast-featured-img":"","footer-sml-layout":"","theme-transparent-header-meta":"","adv-header-id-meta":"","stick-header-meta":"","header-above-stick-meta":"","header-main-stick-meta":"","header-below-stick-meta":"","footnotes":""},"categories":[22,14],"tags":[],"class_list":["post-174","post","type-post","status-publish","format-standard","has-post-thumbnail","hentry","category-desarrollo","category-gobierno"],"yoast_head":"<!-- This site is optimized with the Yoast SEO plugin v20.3 - https:\/\/yoast.com\/wordpress\/plugins\/seo\/ -->\n<title>Conmemora Lupita Murgu\u00eda el 74 Aniversario de Bomberos de Quer\u00e9taro - En Queretaro Noticias<\/title>\n<meta name=\"robots\" content=\"index, follow, max-snippet:-1, max-image-preview:large, max-video-preview:-1\" \/>\n<link rel=\"canonical\" href=\"https:\/\/enqueretaronoticias.com\/index.php\/2023\/08\/22\/conmemora-lupita-murguia-el-74-aniversario-de-bomberos-de-queretaro\/\" \/>\n<meta property=\"og:locale\" content=\"es_MX\" \/>\n<meta property=\"og:type\" content=\"article\" \/>\n<meta property=\"og:title\" content=\"Conmemora Lupita Murgu\u00eda el 74 Aniversario de Bomberos de Quer\u00e9taro\" \/>\n<meta property=\"og:description\" content=\"La secretaria de Gobierno, Guadalupe Murgu\u00eda Guti\u00e9rrez, en representaci\u00f3n del gobernador Mauricio Kuri, encabez\u00f3 la conmemoraci\u00f3n del D\u00eda del Bombero y el 74 Aniversario del Heroico Cuerpo de Bomberos de Quer\u00e9taro, tiempo en el que se\u00f1al\u00f3, han trabajado respondiendo cada vez que hay una situaci\u00f3n de emergencia para cuidar vidas humanas y propiedades de personas &hellip; Conmemora Lupita Murgu\u00eda el 74 Aniversario de Bomberos de Quer\u00e9taro Leer m\u00e1s &raquo;\" \/>\n<meta property=\"og:url\" content=\"https:\/\/enqueretaronoticias.com\/index.php\/2023\/08\/22\/conmemora-lupita-murguia-el-74-aniversario-de-bomberos-de-queretaro\/\" \/>\n<meta property=\"og:site_name\" content=\"En Queretaro Noticias\" \/>\n<meta property=\"article:published_time\" content=\"2023-08-22T22:20:01+00:00\" \/>\n<meta property=\"article:modified_time\" content=\"2023-08-22T22:20:02+00:00\" \/>\n<meta property=\"og:image\" content=\"https:\/\/enqueretaronoticias.com\/wp-content\/uploads\/2023\/08\/71_273_41822_2055845744_22_08_23_BOMBEROS_041-scaled.jpg\" \/>\n\t<meta property=\"og:image:width\" content=\"2560\" \/>\n\t<meta property=\"og:image:height\" content=\"1885\" \/>\n\t<meta property=\"og:image:type\" content=\"image\/jpeg\" \/>\n<meta name=\"author\" content=\"admin\" \/>\n<meta name=\"twitter:card\" content=\"summary_large_image\" \/>\n<meta name=\"twitter:title\" content=\"Conmemora Lupita Murgu\u00eda el 74 Aniversario de Bomberos de Quer\u00e9taro\" \/>\n<meta name=\"twitter:image\" content=\"https:\/\/enqueretaronoticias.com\/wp-content\/uploads\/2023\/08\/71_273_41822_2055845744_22_08_23_BOMBEROS_041-scaled.jpg\" \/>\n<meta name=\"twitter:label1\" content=\"Escrito por\" \/>\n\t<meta name=\"twitter:data1\" content=\"admin\" \/>\n\t<meta name=\"twitter:label2\" content=\"Tiempo de lectura\" \/>\n\t<meta name=\"twitter:data2\" content=\"3 minutos\" \/>\n<script type=\"application\/ld+json\" class=\"yoast-schema-graph\">{\"@context\":\"https:\/\/schema.org\",\"@graph\":[{\"@type\":\"Article\",\"@id\":\"https:\/\/enqueretaronoticias.com\/index.php\/2023\/08\/22\/conmemora-lupita-murguia-el-74-aniversario-de-bomberos-de-queretaro\/#article\",\"isPartOf\":{\"@id\":\"https:\/\/enqueretaronoticias.com\/index.php\/2023\/08\/22\/conmemora-lupita-murguia-el-74-aniversario-de-bomberos-de-queretaro\/\"},\"author\":{\"name\":\"admin\",\"@id\":\"https:\/\/enqueretaronoticias.com\/#\/schema\/person\/76c0647302ba87b9570d18f1c4043536\"},\"headline\":\"Conmemora Lupita Murgu\u00eda el 74 Aniversario de Bomberos de Quer\u00e9taro\",\"datePublished\":\"2023-08-22T22:20:01+00:00\",\"dateModified\":\"2023-08-22T22:20:02+00:00\",\"mainEntityOfPage\":{\"@id\":\"https:\/\/enqueretaronoticias.com\/index.php\/2023\/08\/22\/conmemora-lupita-murguia-el-74-aniversario-de-bomberos-de-queretaro\/\"},\"wordCount\":484,\"commentCount\":0,\"publisher\":{\"@id\":\"https:\/\/enqueretaronoticias.com\/#organization\"},\"articleSection\":[\"Desarrollo\",\"Gobierno\"],\"inLanguage\":\"es\",\"potentialAction\":[{\"@type\":\"CommentAction\",\"name\":\"Comment\",\"target\":[\"https:\/\/enqueretaronoticias.com\/index.php\/2023\/08\/22\/conmemora-lupita-murguia-el-74-aniversario-de-bomberos-de-queretaro\/#respond\"]}]},{\"@type\":\"WebPage\",\"@id\":\"https:\/\/enqueretaronoticias.com\/index.php\/2023\/08\/22\/conmemora-lupita-murguia-el-74-aniversario-de-bomberos-de-queretaro\/\",\"url\":\"https:\/\/enqueretaronoticias.com\/index.php\/2023\/08\/22\/conmemora-lupita-murguia-el-74-aniversario-de-bomberos-de-queretaro\/\",\"name\":\"Conmemora Lupita Murgu\u00eda el 74 Aniversario de Bomberos de Quer\u00e9taro - En Queretaro Noticias\",\"isPartOf\":{\"@id\":\"https:\/\/enqueretaronoticias.com\/#website\"},\"datePublished\":\"2023-08-22T22:20:01+00:00\",\"dateModified\":\"2023-08-22T22:20:02+00:00\",\"breadcrumb\":{\"@id\":\"https:\/\/enqueretaronoticias.com\/index.php\/2023\/08\/22\/conmemora-lupita-murguia-el-74-aniversario-de-bomberos-de-queretaro\/#breadcrumb\"},\"inLanguage\":\"es\",\"potentialAction\":[{\"@type\":\"ReadAction\",\"target\":[\"https:\/\/enqueretaronoticias.com\/index.php\/2023\/08\/22\/conmemora-lupita-murguia-el-74-aniversario-de-bomberos-de-queretaro\/\"]}]},{\"@type\":\"BreadcrumbList\",\"@id\":\"https:\/\/enqueretaronoticias.com\/index.php\/2023\/08\/22\/conmemora-lupita-murguia-el-74-aniversario-de-bomberos-de-queretaro\/#breadcrumb\",\"itemListElement\":[{\"@type\":\"ListItem\",\"position\":1,\"name\":\"Inicio\",\"item\":\"https:\/\/enqueretaronoticias.com\/\"},{\"@type\":\"ListItem\",\"position\":2,\"name\":\"Conmemora Lupita Murgu\u00eda el 74 Aniversario de Bomberos de Quer\u00e9taro\"}]},{\"@type\":\"WebSite\",\"@id\":\"https:\/\/enqueretaronoticias.com\/#website\",\"url\":\"https:\/\/enqueretaronoticias.com\/\",\"name\":\"En Queretaro Noticias\",\"description\":\"\",\"publisher\":{\"@id\":\"https:\/\/enqueretaronoticias.com\/#organization\"},\"potentialAction\":[{\"@type\":\"SearchAction\",\"target\":{\"@type\":\"EntryPoint\",\"urlTemplate\":\"https:\/\/enqueretaronoticias.com\/?s={search_term_string}\"},\"query-input\":\"required name=search_term_string\"}],\"inLanguage\":\"es\"},{\"@type\":\"Organization\",\"@id\":\"https:\/\/enqueretaronoticias.com\/#organization\",\"name\":\"En Queretaro Noticias\",\"url\":\"https:\/\/enqueretaronoticias.com\/\",\"logo\":{\"@type\":\"ImageObject\",\"inLanguage\":\"es\",\"@id\":\"https:\/\/enqueretaronoticias.com\/#\/schema\/logo\/image\/\",\"url\":\"https:\/\/enqueretaronoticias.com\/wp-content\/uploads\/2023\/03\/Logotipo-sin-fondo.png\",\"contentUrl\":\"https:\/\/enqueretaronoticias.com\/wp-content\/uploads\/2023\/03\/Logotipo-sin-fondo.png\",\"width\":700,\"height\":436,\"caption\":\"En Queretaro Noticias\"},\"image\":{\"@id\":\"https:\/\/enqueretaronoticias.com\/#\/schema\/logo\/image\/\"}},{\"@type\":\"Person\",\"@id\":\"https:\/\/enqueretaronoticias.com\/#\/schema\/person\/76c0647302ba87b9570d18f1c4043536\",\"name\":\"admin\",\"image\":{\"@type\":\"ImageObject\",\"inLanguage\":\"es\",\"@id\":\"https:\/\/enqueretaronoticias.com\/#\/schema\/person\/image\/\",\"url\":\"https:\/\/secure.gravatar.com\/avatar\/5a275df3e5b865f2ef1c6bdbf2fece46413212891fcced2f0b46e91ef8820f31?s=96&d=mm&r=g\",\"contentUrl\":\"https:\/\/secure.gravatar.com\/avatar\/5a275df3e5b865f2ef1c6bdbf2fece46413212891fcced2f0b46e91ef8820f31?s=96&d=mm&r=g\",\"caption\":\"admin\"},\"sameAs\":[\"https:\/\/enqueretaronoticias.com\"],\"url\":\"https:\/\/enqueretaronoticias.com\/index.php\/author\/queretaro\/\"}]}<\/script>\n<!-- \/ Yoast SEO plugin. -->","yoast_head_json":{"title":"Conmemora Lupita Murgu\u00eda el 74 Aniversario de Bomberos de Quer\u00e9taro - En Queretaro Noticias","robots":{"index":"index","follow":"follow","max-snippet":"max-snippet:-1","max-image-preview":"max-image-preview:large","max-video-preview":"max-video-preview:-1"},"canonical":"https:\/\/enqueretaronoticias.com\/index.php\/2023\/08\/22\/conmemora-lupita-murguia-el-74-aniversario-de-bomberos-de-queretaro\/","og_locale":"es_MX","og_type":"article","og_title":"Conmemora Lupita Murgu\u00eda el 74 Aniversario de Bomberos de Quer\u00e9taro","og_description":"La secretaria de Gobierno, Guadalupe Murgu\u00eda Guti\u00e9rrez, en representaci\u00f3n del gobernador Mauricio Kuri, encabez\u00f3 la conmemoraci\u00f3n del D\u00eda del Bombero y el 74 Aniversario del Heroico Cuerpo de Bomberos de Quer\u00e9taro, tiempo en el que se\u00f1al\u00f3, han trabajado respondiendo cada vez que hay una situaci\u00f3n de emergencia para cuidar vidas humanas y propiedades de personas &hellip; Conmemora Lupita Murgu\u00eda el 74 Aniversario de Bomberos de Quer\u00e9taro Leer m\u00e1s &raquo;","og_url":"https:\/\/enqueretaronoticias.com\/index.php\/2023\/08\/22\/conmemora-lupita-murguia-el-74-aniversario-de-bomberos-de-queretaro\/","og_site_name":"En Queretaro Noticias","article_published_time":"2023-08-22T22:20:01+00:00","article_modified_time":"2023-08-22T22:20:02+00:00","og_image":[{"width":2560,"height":1885,"url":"https:\/\/enqueretaronoticias.com\/wp-content\/uploads\/2023\/08\/71_273_41822_2055845744_22_08_23_BOMBEROS_041-scaled.jpg","type":"image\/jpeg"}],"author":"admin","twitter_card":"summary_large_image","twitter_title":"Conmemora Lupita Murgu\u00eda el 74 Aniversario de Bomberos de Quer\u00e9taro","twitter_image":"https:\/\/enqueretaronoticias.com\/wp-content\/uploads\/2023\/08\/71_273_41822_2055845744_22_08_23_BOMBEROS_041-scaled.jpg","twitter_misc":{"Escrito por":"admin","Tiempo de lectura":"3 minutos"},"schema":{"@context":"https:\/\/schema.org","@graph":[{"@type":"Article","@id":"https:\/\/enqueretaronoticias.com\/index.php\/2023\/08\/22\/conmemora-lupita-murguia-el-74-aniversario-de-bomberos-de-queretaro\/#article","isPartOf":{"@id":"https:\/\/enqueretaronoticias.com\/index.php\/2023\/08\/22\/conmemora-lupita-murguia-el-74-aniversario-de-bomberos-de-queretaro\/"},"author":{"name":"admin","@id":"https:\/\/enqueretaronoticias.com\/#\/schema\/person\/76c0647302ba87b9570d18f1c4043536"},"headline":"Conmemora Lupita Murgu\u00eda el 74 Aniversario de Bomberos de Quer\u00e9taro","datePublished":"2023-08-22T22:20:01+00:00","dateModified":"2023-08-22T22:20:02+00:00","mainEntityOfPage":{"@id":"https:\/\/enqueretaronoticias.com\/index.php\/2023\/08\/22\/conmemora-lupita-murguia-el-74-aniversario-de-bomberos-de-queretaro\/"},"wordCount":484,"commentCount":0,"publisher":{"@id":"https:\/\/enqueretaronoticias.com\/#organization"},"articleSection":["Desarrollo","Gobierno"],"inLanguage":"es","potentialAction":[{"@type":"CommentAction","name":"Comment","target":["https:\/\/enqueretaronoticias.com\/index.php\/2023\/08\/22\/conmemora-lupita-murguia-el-74-aniversario-de-bomberos-de-queretaro\/#respond"]}]},{"@type":"WebPage","@id":"https:\/\/enqueretaronoticias.com\/index.php\/2023\/08\/22\/conmemora-lupita-murguia-el-74-aniversario-de-bomberos-de-queretaro\/","url":"https:\/\/enqueretaronoticias.com\/index.php\/2023\/08\/22\/conmemora-lupita-murguia-el-74-aniversario-de-bomberos-de-queretaro\/","name":"Conmemora Lupita Murgu\u00eda el 74 Aniversario de Bomberos de Quer\u00e9taro - En Queretaro Noticias","isPartOf":{"@id":"https:\/\/enqueretaronoticias.com\/#website"},"datePublished":"2023-08-22T22:20:01+00:00","dateModified":"2023-08-22T22:20:02+00:00","breadcrumb":{"@id":"https:\/\/enqueretaronoticias.com\/index.php\/2023\/08\/22\/conmemora-lupita-murguia-el-74-aniversario-de-bomberos-de-queretaro\/#breadcrumb"},"inLanguage":"es","potentialAction":[{"@type":"ReadAction","target":["https:\/\/enqueretaronoticias.com\/index.php\/2023\/08\/22\/conmemora-lupita-murguia-el-74-aniversario-de-bomberos-de-queretaro\/"]}]},{"@type":"BreadcrumbList","@id":"https:\/\/enqueretaronoticias.com\/index.php\/2023\/08\/22\/conmemora-lupita-murguia-el-74-aniversario-de-bomberos-de-queretaro\/#breadcrumb","itemListElement":[{"@type":"ListItem","position":1,"name":"Inicio","item":"https:\/\/enqueretaronoticias.com\/"},{"@type":"ListItem","position":2,"name":"Conmemora Lupita Murgu\u00eda el 74 Aniversario de Bomberos de Quer\u00e9taro"}]},{"@type":"WebSite","@id":"https:\/\/enqueretaronoticias.com\/#website","url":"https:\/\/enqueretaronoticias.com\/","name":"En Queretaro Noticias","description":"","publisher":{"@id":"https:\/\/enqueretaronoticias.com\/#organization"},"potentialAction":[{"@type":"SearchAction","target":{"@type":"EntryPoint","urlTemplate":"https:\/\/enqueretaronoticias.com\/?s={search_term_string}"},"query-input":"required name=search_term_string"}],"inLanguage":"es"},{"@type":"Organization","@id":"https:\/\/enqueretaronoticias.com\/#organization","name":"En Queretaro Noticias","url":"https:\/\/enqueretaronoticias.com\/","logo":{"@type":"ImageObject","inLanguage":"es","@id":"https:\/\/enqueretaronoticias.com\/#\/schema\/logo\/image\/","url":"https:\/\/enqueretaronoticias.com\/wp-content\/uploads\/2023\/03\/Logotipo-sin-fondo.png","contentUrl":"https:\/\/enqueretaronoticias.com\/wp-content\/uploads\/2023\/03\/Logotipo-sin-fondo.png","width":700,"height":436,"caption":"En Queretaro Noticias"},"image":{"@id":"https:\/\/enqueretaronoticias.com\/#\/schema\/logo\/image\/"}},{"@type":"Person","@id":"https:\/\/enqueretaronoticias.com\/#\/schema\/person\/76c0647302ba87b9570d18f1c4043536","name":"admin","image":{"@type":"ImageObject","inLanguage":"es","@id":"https:\/\/enqueretaronoticias.com\/#\/schema\/person\/image\/","url":"https:\/\/secure.gravatar.com\/avatar\/5a275df3e5b865f2ef1c6bdbf2fece46413212891fcced2f0b46e91ef8820f31?s=96&d=mm&r=g","contentUrl":"https:\/\/secure.gravatar.com\/avatar\/5a275df3e5b865f2ef1c6bdbf2fece46413212891fcced2f0b46e91ef8820f31?s=96&d=mm&r=g","caption":"admin"},"sameAs":["https:\/\/enqueretaronoticias.com"],"url":"https:\/\/enqueretaronoticias.com\/index.php\/author\/queretaro\/"}]}},"_links":{"self":[{"href":"https:\/\/enqueretaronoticias.com\/index.php\/wp-json\/wp\/v2\/posts\/174","targetHints":{"allow":["GET"]}}],"collection":[{"href":"https:\/\/enqueretaronoticias.com\/index.php\/wp-json\/wp\/v2\/posts"}],"about":[{"href":"https:\/\/enqueretaronoticias.com\/index.php\/wp-json\/wp\/v2\/types\/post"}],"author":[{"embeddable":true,"href":"https:\/\/enqueretaronoticias.com\/index.php\/wp-json\/wp\/v2\/users\/1"}],"replies":[{"embeddable":true,"href":"https:\/\/enqueretaronoticias.com\/index.php\/wp-json\/wp\/v2\/comments?post=174"}],"version-history":[{"count":1,"href":"https:\/\/enqueretaronoticias.com\/index.php\/wp-json\/wp\/v2\/posts\/174\/revisions"}],"predecessor-version":[{"id":179,"href":"https:\/\/enqueretaronoticias.com\/index.php\/wp-json\/wp\/v2\/posts\/174\/revisions\/179"}],"wp:featuredmedia":[{"embeddable":true,"href":"https:\/\/enqueretaronoticias.com\/index.php\/wp-json\/wp\/v2\/media\/178"}],"wp:attachment":[{"href":"https:\/\/enqueretaronoticias.com\/index.php\/wp-json\/wp\/v2\/media?parent=174"}],"wp:term":[{"taxonomy":"category","embeddable":true,"href":"https:\/\/enqueretaronoticias.com\/index.php\/wp-json\/wp\/v2\/categories?post=174"},{"taxonomy":"post_tag","embeddable":true,"href":"https:\/\/enqueretaronoticias.com\/index.php\/wp-json\/wp\/v2\/tags?post=174"}],"curies":[{"name":"wp","href":"https:\/\/api.w.org\/{rel}","templated":true}]}}